[{"@context":"https:\/\/schema.org\/","@type":"Article","@id":"https:\/\/www.sapcon.cz\/univerzita-tretiho-veku\/#Article","mainEntityOfPage":"https:\/\/www.sapcon.cz\/univerzita-tretiho-veku\/","headline":"Univerzita t\u0159et\u00edho v\u011bku","name":"Univerzita t\u0159et\u00edho v\u011bku","description":"Univerzity t\u0159et\u00edho v\u011bku (d\u00e1le jen U3V) pat\u0159\u00ed do koncepce celo\u017eivotn\u00edho vzd\u011bl\u00e1v\u00e1n\u00ed. Ov\u0161em zat\u00edmco standardn\u00ed celo\u017eivotn\u00ed vzd\u011bl\u00e1v\u00e1n\u00ed je zam\u011b\u0159eno na v\u00fdkon povol\u00e1n\u00ed, samotn\u00e1 U3V je ur\u010dena pro seniory a jedn\u00e1 se o \u0161kolu neprofesn\u00edho typu. Tento zp\u016fsob vzd\u011bl\u00e1v\u00e1n\u00ed m\u00e1 p\u016fvod ve Francii. V \u010cech\u00e1ch doch\u00e1z\u00ed k zalo\u017een\u00ed prvn\u00ed U3V ji\u017e v roce 1986 v Olomouci. Nicm\u00e9n\u011b [&hellip;]","datePublished":"2025-03-01","dateModified":"2023-04-29","author":{"@type":"Person","@id":"https:\/\/www.sapcon.cz\/author\/#Person","name":"","url":"https:\/\/www.sapcon.cz\/author\/","identifier":1,"image":{"@type":"ImageObject","@id":"https:\/\/secure.gravatar.com\/avatar\/da76ffe9456a057fb26f92cd8eb3d2effca853864e9ae2a35290bd1e10b1f7d4?s=96&d=mm&r=g","url":"https:\/\/secure.gravatar.com\/avatar\/da76ffe9456a057fb26f92cd8eb3d2effca853864e9ae2a35290bd1e10b1f7d4?s=96&d=mm&r=g","height":96,"width":96}},"publisher":{"@type":"Organization","name":"sapcon.cz","logo":{"@type":"ImageObject","@id":"\/logo.png","url":"\/logo.png","width":600,"height":60}},"image":{"@type":"ImageObject","@id":"https:\/\/www.sapcon.cz\/wp-content\/uploads\/img_a330193_w2711_t1542790993.jpg","url":"https:\/\/www.sapcon.cz\/wp-content\/uploads\/img_a330193_w2711_t1542790993.jpg","height":0,"width":0},"url":"https:\/\/www.sapcon.cz\/univerzita-tretiho-veku\/","about":["Vzd\u011bl\u00e1n\u00ed"],"wordCount":434,"articleBody":"Univerzity t\u0159et\u00edho v\u011bku (d\u00e1le jen U3V) pat\u0159\u00ed do koncepce celo\u017eivotn\u00edho vzd\u011bl\u00e1v\u00e1n\u00ed. Ov\u0161em zat\u00edmco standardn\u00ed celo\u017eivotn\u00ed vzd\u011bl\u00e1v\u00e1n\u00ed je zam\u011b\u0159eno na v\u00fdkon povol\u00e1n\u00ed, samotn\u00e1 U3V je ur\u010dena pro seniory a jedn\u00e1 se o \u0161kolu neprofesn\u00edho typu. Tento zp\u016fsob vzd\u011bl\u00e1v\u00e1n\u00ed m\u00e1 p\u016fvod ve Francii.   V \u010cech\u00e1ch doch\u00e1z\u00ed k zalo\u017een\u00ed prvn\u00ed U3V ji\u017e v roce 1986 v Olomouci. Nicm\u00e9n\u011b k velk\u00e9mu boomu doch\u00e1z\u00ed po roce 2000. V\u011bt\u0161ina univerzit nab\u00edz\u00ed tento zp\u016fsob vzd\u011bl\u00e1v\u00e1n\u00ed. N\u011bkdy vznikaj\u00ed dokonce i v r\u00e1mci n\u011bkter\u00fdch vy\u0161\u0161\u00edch odborn\u00fdch \u0161kol. Do tohoto zp\u016fsobu vzd\u011bl\u00e1v\u00e1n\u00ed se m\u016f\u017ee p\u0159ihl\u00e1sit ka\u017ed\u00fd, ov\u0161em up\u0159ednost\u0148ov\u00e1n\u00ed jsou ti, kte\u0159\u00ed maj\u00ed starobn\u00ed d\u016fchod. Po\u017eadavkem pro vstup do U3V je, aby doty\u010dn\u00fd m\u011bl ukon\u010den\u00e9 st\u0159edo\u0161kolsk\u00e9 vzd\u011bl\u00e1n\u00ed (n\u011bkde akceptuj\u00ed jak\u00e9koli vzd\u011bl\u00e1v\u00e1n\u00ed). Absolvent nez\u00edsk\u00e1v\u00e1 titul, ale osv\u011bd\u010den\u00ed o absolvov\u00e1n\u00ed dan\u00e9ho kurzu.  Kvalitn\u00ed a smyslupln\u00e1 socializace senior\u016f Nosnou my\u0161lenkou tohoto vzd\u011bl\u00e1v\u00e1n\u00ed je kvalitn\u00ed a smyslupln\u00e1 socializace senior\u016f a snaha udr\u017eet je co nejd\u00e9le v intelektu\u00e1ln\u00ed sv\u011b\u017eesti. I star\u0161\u00ed \u010dlov\u011bk m\u00e1 pr\u00e1vo na mo\u017enost seberealizace a vzd\u011bl\u00e1v\u00e1n\u00ed. Z\u00e1rove\u0148 studium slou\u017e\u00ed jako kvalitn\u00ed vyu\u017eit\u00ed voln\u00e9ho \u010dasu, setk\u00e1v\u00e1n\u00ed s vrstevn\u00edky, kte\u0159\u00ed maj\u00ed podobn\u00e9 z\u00e1jmy a s nimi\u017e je mo\u017en\u00e9 si p\u0159ed\u00e1vat zku\u0161enosti. Z\u00e1rove\u0148 je studium i v pozdn\u00edm v\u011bku u\u017eite\u010dn\u00e9 jako prevence vzniku demence. Pravideln\u00fd kognitivn\u00ed tr\u00e9nink v seniorsk\u00e9m v\u011bku je toti\u017e velmi d\u016fle\u017eit\u00fd. Ale nen\u00ed to jen kognitivn\u00ed tr\u00e9nink. Cel\u00e1 \u0159ada lid\u00ed studuje U3V proto, \u017ee je dan\u00fd obor prost\u011b zaj\u00edm\u00e1 a v\u017edycky se mu cht\u011bli v\u011bnovat, ale nebyl \u010das. P\u0159i volb\u011b vysok\u00e9 \u0161koly \u010dlov\u011bk sice vol\u00ed to, co ho zaj\u00edm\u00e1, ale p\u0159inejmen\u0161\u00edm stejnou m\u011brou se zam\u011b\u0159uje tak\u00e9 na to, zda m\u00e1 dan\u00fd obor praktick\u00e9 vyu\u017eit\u00ed. Asi jen m\u00e1lokdo by ve dvaceti letech \u0161el studovat n\u011bco, jen proto, \u017ee ho to bav\u00ed, ani\u017e by se dan\u00e9 oblasti profesn\u011b v\u011bnoval. Ale v \u0161edes\u00e1ti p\u011bti letech si to u\u017e m\u016f\u017eete dovolit a je to ur\u010dit\u011b skv\u011bl\u00e9, \u017ee si m\u016f\u017eete splnit sv\u00e9 mladick\u00e9 sny.                                                                                                                                                                                                                                                                                                                                                                                         4.1\/5 - (15 votes)        "},{"@context":"https:\/\/schema.org\/","@type":"BreadcrumbList","itemListElement":[{"@type":"ListItem","position":1,"name":"Univerzita t\u0159et\u00edho v\u011bku","item":"https:\/\/www.sapcon.cz\/univerzita-tretiho-veku\/#breadcrumbitem"}]}]