[{"@context":"https:\/\/schema.org\/","@type":"Article","@id":"https:\/\/www.sapcon.cz\/na-co-je-potreba-myslet-pri-uprave-fasady-zlin\/#Article","mainEntityOfPage":"https:\/\/www.sapcon.cz\/na-co-je-potreba-myslet-pri-uprave-fasady-zlin\/","headline":"Na co je pot\u0159eba myslet p\u0159i \u00faprav\u011b fas\u00e1dy Zl\u00edn","name":"Na co je pot\u0159eba myslet p\u0159i \u00faprav\u011b fas\u00e1dy Zl\u00edn","description":"https:\/\/www.zeny.cz\/krasa-a-moda\/mesic-mody\/trendy\/5-trendu-bez-kterych-se-na-podzim-neobejdete-2447.html 0cm 0.0001pt;&#8220;&gt;Pokud vlastn\u00edme d\u016fm, p\u0159\u00edpadn\u011b jsme sou\u010d\u00e1st\u00ed SVJ, je n\u00e1m jasn\u00e9, \u017ee fas\u00e1du, jako jsou nap\u0159\u00edklad fas\u00e1dy Zl\u00edn, je zkr\u00e1tka pot\u0159eba udr\u017eovat, pokud nechceme, aby kolemjdouc\u00edm doslova spadla na hlavu. Jej\u00ed pravideln\u00e1 \u00fadr\u017eba je tedy v podstat\u011b nutnost\u00ed. Jen m\u00e1lokdo si v\u0161ak uv\u011bdomuje, co v\u0161e je p\u0159itom nutn\u00e9 uv\u00e1\u017eit, a jak bychom m\u011bli postupovat, [&hellip;]","datePublished":"2025-03-29","dateModified":"2025-03-29","author":{"@type":"Person","@id":"https:\/\/www.sapcon.cz\/author\/#Person","name":"","url":"https:\/\/www.sapcon.cz\/author\/","identifier":1,"image":{"@type":"ImageObject","@id":"https:\/\/secure.gravatar.com\/avatar\/da76ffe9456a057fb26f92cd8eb3d2effca853864e9ae2a35290bd1e10b1f7d4?s=96&d=mm&r=g","url":"https:\/\/secure.gravatar.com\/avatar\/da76ffe9456a057fb26f92cd8eb3d2effca853864e9ae2a35290bd1e10b1f7d4?s=96&d=mm&r=g","height":96,"width":96}},"publisher":{"@type":"Organization","name":"sapcon.cz","logo":{"@type":"ImageObject","@id":"\/logo.png","url":"\/logo.png","width":600,"height":60}},"image":{"@type":"ImageObject","@id":"https:\/\/www.sapcon.cz\/wp-content\/uploads\/fasada2_3.jpg","url":"https:\/\/www.sapcon.cz\/wp-content\/uploads\/fasada2_3.jpg","height":0,"width":0},"url":"https:\/\/www.sapcon.cz\/na-co-je-potreba-myslet-pri-uprave-fasady-zlin\/","about":["Produkty"],"wordCount":449,"articleBody":"           https:\/\/www.zeny.cz\/krasa-a-moda\/mesic-mody\/trendy\/5-trendu-bez-kterych-se-na-podzim-neobejdete-2447.html  0cm 0.0001pt;&#8220;&gt;Pokud vlastn\u00edme d\u016fm, p\u0159\u00edpadn\u011b jsme sou\u010d\u00e1st\u00ed SVJ, je n\u00e1m jasn\u00e9, \u017ee fas\u00e1du, jako jsou nap\u0159\u00edklad fas\u00e1dy Zl\u00edn, je zkr\u00e1tka pot\u0159eba udr\u017eovat, pokud nechceme, aby kolemjdouc\u00edm doslova spadla na hlavu. Jej\u00ed pravideln\u00e1 \u00fadr\u017eba je tedy v podstat\u011b nutnost\u00ed. Jen m\u00e1lokdo si v\u0161ak uv\u011bdomuje, co v\u0161e je p\u0159itom nutn\u00e9 uv\u00e1\u017eit, a jak bychom m\u011bli postupovat, abychom dos\u00e1hli co nejlep\u0161\u00edch v\u00fdsledk\u016f.V prvn\u00ed \u0159ad\u011b si mus\u00edme v\u017edy \u0159\u00edci, co je na\u0161\u00edm c\u00edlem. Jedn\u00e1 se pouze o nov\u00fd n\u00e1t\u011br, nebo jde i o odstran\u011bn\u00ed z\u00e1vad, jako jsou nap\u0159\u00edklad praskliny? Nebo chceme n\u00e1\u0161 d\u016fm zateplit? Ka\u017ed\u00e1 z t\u011bchto variant vy\u017eaduje jin\u00fd p\u0159\u00edstup, a podle toho je tak\u00e9 nutn\u00e9 se za\u0159\u00eddit.M\u011bli bychom si zejm\u00e9na \u0159\u00edci, zda chceme zachovat p\u016fvodn\u00ed vzhled, nebo na n\u011bm n\u011bco zm\u011bnit, a\u0165 u\u017e se bude jednat o barvu nebo o dekorace. Pokud m\u00e1me klasick\u00fd rodinn\u00fd d\u016fm, pak to z\u00e1le\u017e\u00ed v podstat\u011b jen na n\u00e1s. V p\u0159\u00edpad\u011b, \u017ee jde o panel\u00e1k, je pot\u0159eba, aby se v r\u00e1mci SVJ, p\u0159\u00edpadn\u011b dru\u017estva, dohodli v\u0161ichni obyvatel\u00e9. Tak\u00e9 se m\u016f\u017ee st\u00e1t, \u017ee m\u00e1me d\u016fm v historick\u00e9 \u010d\u00e1sti m\u011bsta \u2013 zde je nutn\u00e9 po\u017e\u00e1dat o souhlas pam\u00e1tk\u00e1\u0159e, co\u017e nen\u00ed zrovna nejjednodu\u0161\u0161\u00ed, a nav\u00edc nikdy nem\u00e1me jistotu, \u017ee na\u0161i \u017e\u00e1dost schv\u00e1l\u00ed.N\u00e1sledn\u011b je nutn\u00e9 napl\u00e1novat proveden\u00ed. Zvolit je pot\u0159eba ro\u010dn\u00ed dobu, pokud nejde o n\u011bjak\u00fd akutn\u00ed probl\u00e9m, kter\u00fd je pot\u0159eba vy\u0159e\u0161it co nejd\u0159\u00edv. Zima je samoz\u0159ejm\u011b z pochopiteln\u00fdch d\u016fvod\u016f vylou\u010dena, av\u0161ak vyhnout bychom se m\u011bli tak\u00e9 vrcholu l\u00e9ta. Prudk\u00e9 usych\u00e1n\u00ed, kter\u00e9 by tepl\u00e9 po\u010das\u00ed a vedro zp\u016fsobilo, toti\u017e v\u011bt\u0161in\u011b barev ani lepidel p\u0159\u00edli\u0161 nesv\u011bd\u010d\u00ed, nehled\u011b na to, \u017ee ani pr\u00e1ce v takov\u00e9m po\u010das\u00ed nen\u00ed nejjednodu\u0161\u0161\u00ed. Nejvhodn\u011bj\u0161\u00ed je tedy jaro, p\u0159\u00edpadn\u011b podzim.D\u00e1le tak\u00e9 z\u00e1le\u017e\u00ed na tom, zda si v\u0161e budeme d\u011blat sami, nebo zda si pozveme profesion\u00e1ln\u00ed firmu. V prvn\u00ed p\u0159\u00edpad\u011b si mus\u00edme zajistit v podstat\u011b v\u0161e, od le\u0161en\u00ed po koupi materi\u00e1lu a\u017e po pr\u00e1ci samotnou, co\u017e nen\u00ed nic snadn\u00e9ho. V tom druh\u00e9m je pak pot\u0159eba dostatek financ\u00ed. Zde pak z\u00e1le\u017e\u00ed na mo\u017enostech a schopnostech ka\u017ed\u00e9ho z n\u00e1s.                                                                                                                                                                                                                                                                                                                                                                                          4.7\/5 - (6 votes)        "},{"@context":"https:\/\/schema.org\/","@type":"BreadcrumbList","itemListElement":[{"@type":"ListItem","position":1,"name":"Na co je pot\u0159eba myslet p\u0159i \u00faprav\u011b fas\u00e1dy Zl\u00edn","item":"https:\/\/www.sapcon.cz\/na-co-je-potreba-myslet-pri-uprave-fasady-zlin\/#breadcrumbitem"}]}]