[{"@context":"https:\/\/schema.org\/","@type":"Article","@id":"https:\/\/www.sapcon.cz\/krasa-vseho-okolo\/#Article","mainEntityOfPage":"https:\/\/www.sapcon.cz\/krasa-vseho-okolo\/","headline":"Kr\u00e1sa v\u0161eho okolo","name":"Kr\u00e1sa v\u0161eho okolo","description":"V\u00edte, \u017ee kr\u00e1sa nen\u00ed v\u0161echno? Ale jsou lid\u00e9, pro kter\u00e9 je kr\u00e1sa opravdu hodn\u011b d\u016fle\u017eit\u00e1. J\u00e1 na\u0161t\u011bst\u00ed pat\u0159\u00edm mezi ty lidi, kdy mi\u00a0na kr\u00e1se a\u017e tak zase moc nez\u00e1le\u017e\u00ed. Ale tak\u00e9 z\u00e1le\u017e\u00ed na tom, o kter\u00e9 kr\u00e1se se bav\u00edte. M\u016f\u017eete se bavit o kr\u00e1se dom\u016f, o kr\u00e1se bytu \u010di p\u0159\u00edrody, zv\u00ed\u0159at a tak podobn\u011b. Tak\u00e9 [&hellip;]","datePublished":"2023-10-30","dateModified":"2023-10-30","author":{"@type":"Person","@id":"https:\/\/www.sapcon.cz\/author\/#Person","name":"","url":"https:\/\/www.sapcon.cz\/author\/","identifier":1,"image":{"@type":"ImageObject","@id":"https:\/\/secure.gravatar.com\/avatar\/da76ffe9456a057fb26f92cd8eb3d2effca853864e9ae2a35290bd1e10b1f7d4?s=96&d=mm&r=g","url":"https:\/\/secure.gravatar.com\/avatar\/da76ffe9456a057fb26f92cd8eb3d2effca853864e9ae2a35290bd1e10b1f7d4?s=96&d=mm&r=g","height":96,"width":96}},"publisher":{"@type":"Organization","name":"sapcon.cz","logo":{"@type":"ImageObject","@id":"\/logo.png","url":"\/logo.png","width":600,"height":60}},"image":{"@type":"ImageObject","@id":"https:\/\/www.sapcon.cz\/wp-content\/uploads\/yellow-1529066_1280.jpg","url":"https:\/\/www.sapcon.cz\/wp-content\/uploads\/yellow-1529066_1280.jpg","height":0,"width":0},"url":"https:\/\/www.sapcon.cz\/krasa-vseho-okolo\/","about":["Kr\u00e1sa"],"wordCount":447,"articleBody":"V\u00edte, \u017ee kr\u00e1sa nen\u00ed v\u0161echno? Ale jsou lid\u00e9, pro kter\u00e9 je kr\u00e1sa opravdu hodn\u011b d\u016fle\u017eit\u00e1. J\u00e1 na\u0161t\u011bst\u00ed pat\u0159\u00edm mezi ty lidi, kdy mi\u00a0na kr\u00e1se a\u017e tak zase moc nez\u00e1le\u017e\u00ed. Ale tak\u00e9 z\u00e1le\u017e\u00ed na tom, o kter\u00e9 kr\u00e1se se bav\u00edte. M\u016f\u017eete se bavit o kr\u00e1se dom\u016f, o kr\u00e1se bytu \u010di p\u0159\u00edrody, zv\u00ed\u0159at a tak podobn\u011b. Tak\u00e9 je o stylu za\u0159\u00edzen\u00ed. Nap\u0159\u00edklad kdybych se m\u011bla bavit o stylu za\u0159\u00edzen\u00ed dom\u00e1cnosti, tak se mi l\u00edb\u00ed opravdu hodn\u011b\u00a0sv\u011btl\u00e9 barvy, ne nic p\u0159epl\u00e1can\u00e9ho a tak\u00e9 nem\u00e1m moc r\u00e1da dekorace. Mn\u011b se to nel\u00edb\u00ed a p\u0159ijde mi to takov\u00e9 zastaral\u00e9. Jo tak zastaral\u00e9, kde d\u0159\u00edve v\u0161ude byly r\u016fzn\u00e9 dekorace, ozdoby, hlavn\u011b porcel\u00e1nov\u00ed\u00a0sloni a tak podobn\u011b nebo k\u00e1vov\u00e9 servisy. Tohle se mi v\u016fbec nel\u00edb\u00ed, i kdy\u017e samoz\u0159ejm\u011b\u00a0mnoha lidem se to st\u00e1le l\u00edb\u00ed a j\u00e1 jim to nevnucuji, aby m\u011bli m\u016fj styl a vkus. Ale kdybych se m\u011bla bavit o mu\u017e\u00edch, tak v\u011b\u0159te, nebo ne, mn\u011b se nel\u00edb\u00ed takov\u00ed ti uhlazen\u00ed p\u00e1nov\u00e9, kte\u0159\u00ed maj\u00ed velik\u00e9 svaly anebo\u00a0kte\u0159\u00ed maj\u00ed plastiky nebo nap\u00edchan\u00e9 rty. J\u00e1 bych se norm\u00e1ln\u011b styd\u011bla j\u00edt s takov\u00fdm mu\u017eem n\u011bkam do spole\u010dnosti anebo kdyby m\u011bl je\u0161t\u011b na sob\u011b ty slipov\u00e9 upnut\u00e9 plavky. Samoz\u0159ejm\u011b, \u017ee opravdu je na ka\u017ed\u00e9m, jak se obl\u00e9kne, ale zase j\u00e1 m\u00e1m takov\u00fd vkus, \u017ee bych se zase styd\u011bla, ale na tom zase nen\u00ed nic \u0161patn\u00e9ho, kdy\u017e t\u0159eba \u010dlov\u011bk m\u00e1 n\u011bjak\u00fd vkus na oble\u010den\u00ed, vkus na oble\u010den\u00ed jak pro \u017eeny, tak vkus na oble\u010den\u00ed i pro mu\u017ee. Za tohle se nestyd\u00edm a jednodu\u0161e toho tak bohu\u017eel u\u017e m\u00e1m. A proto\u017ee jsem si \u0159ekla, \u017ee je nejlep\u0161\u00ed, kdy\u017e \u010dlov\u011bk vlastn\u011b m\u00e1 sv\u016fj styl, ale zase nikomu nehan\u00ed ten jeho styl. L\u00edb\u00ed se mi u\u017e takov\u00fd oby\u010dejn\u00fd mu\u017e, kter\u00fd je \u00fapln\u011b norm\u00e1ln\u00ed a na\u0161t\u011bst\u00ed tak vypad\u00e1 ka\u017ed\u00fd p\u00e1t\u00fd\u00a0mu\u017e. Samoz\u0159ejm\u011b, \u017ee bych ale zase po\u017eadovala po sv\u00e9m partnerovi, aby byl alespo\u0148 vy\u0161\u0161\u00ed ne\u017e j\u00e1. Je to docela slo\u017eit\u00e9. J\u00e1 m\u00e1m sto p\u011btasedmdes\u00e1t centimetr\u016f a je to docela obt\u00ed\u017en\u00e9. To\u00a0potom vybrat n\u011bjak\u00e9ho mu\u017ee je slo\u017eit\u00e9. Nech\u00e1pu, pro\u010d v dne\u0161n\u00ed p\u00e1nov\u00e9 takhle moc mal\u00ed,\u00a0v\u011bt\u0161inou maj\u00ed tak sto sedmdes\u00e1t centimetr\u016f.\u00a0                                                                                                                                                                                                                                                                                                                                                                                        4.3\/5 - (10 votes)        "},{"@context":"https:\/\/schema.org\/","@type":"BreadcrumbList","itemListElement":[{"@type":"ListItem","position":1,"name":"Kr\u00e1sa v\u0161eho okolo","item":"https:\/\/www.sapcon.cz\/krasa-vseho-okolo\/#breadcrumbitem"}]}]