[{"@context":"https:\/\/schema.org\/","@type":"Article","@id":"https:\/\/www.sapcon.cz\/co-je-to-socialni-a-solidarni\/#Article","mainEntityOfPage":"https:\/\/www.sapcon.cz\/co-je-to-socialni-a-solidarni\/","headline":"Co je to \u201esoci\u00e1ln\u00ed a solid\u00e1rn\u00ed\u201c?","name":"Co je to \u201esoci\u00e1ln\u00ed a solid\u00e1rn\u00ed\u201c?","description":"U\u017e po dlouhou \u0159adu let se t\u0159eba i o \u010cesk\u00e9 republice mluv\u00ed jako o zemi, je\u017e je soci\u00e1ln\u011b orientovan\u00e1. Jako o zemi s takzvan\u011b soci\u00e1ln\u00ed a solid\u00e1rn\u00ed ekonomikou, ale t\u0159eba i soci\u00e1ln\u00edm podnik\u00e1n\u00edm. Ov\u0161em v\u00edte vy vlastn\u011b, co to ona soci\u00e1ln\u00ed a solid\u00e1rn\u00ed ekonomika je?Pokud ne, v\u011bzte, \u017ee v tomto p\u0159\u00edpad\u011b jde o snahy \u0159e\u0161it [&hellip;]","datePublished":"2019-03-13","dateModified":"2023-04-29","author":{"@type":"Person","@id":"https:\/\/www.sapcon.cz\/author\/#Person","name":"","url":"https:\/\/www.sapcon.cz\/author\/","identifier":1,"image":{"@type":"ImageObject","@id":"https:\/\/secure.gravatar.com\/avatar\/da76ffe9456a057fb26f92cd8eb3d2effca853864e9ae2a35290bd1e10b1f7d4?s=96&d=mm&r=g","url":"https:\/\/secure.gravatar.com\/avatar\/da76ffe9456a057fb26f92cd8eb3d2effca853864e9ae2a35290bd1e10b1f7d4?s=96&d=mm&r=g","height":96,"width":96}},"publisher":{"@type":"Organization","name":"sapcon.cz","logo":{"@type":"ImageObject","@id":"\/logo.png","url":"\/logo.png","width":600,"height":60}},"image":{"@type":"ImageObject","@id":"https:\/\/www.sapcon.cz\/wp-content\/uploads\/img_a339976_w2711_t1553001209.jpg","url":"https:\/\/www.sapcon.cz\/wp-content\/uploads\/img_a339976_w2711_t1553001209.jpg","height":0,"width":0},"url":"https:\/\/www.sapcon.cz\/co-je-to-socialni-a-solidarni\/","about":["Pen\u00edze"],"wordCount":531,"articleBody":"U\u017e po dlouhou \u0159adu let se t\u0159eba i o \u010cesk\u00e9 republice mluv\u00ed jako o zemi, je\u017e je soci\u00e1ln\u011b orientovan\u00e1. Jako o zemi s takzvan\u011b soci\u00e1ln\u00ed a solid\u00e1rn\u00ed ekonomikou, ale t\u0159eba i soci\u00e1ln\u00edm podnik\u00e1n\u00edm. Ov\u0161em v\u00edte vy vlastn\u011b, co to ona soci\u00e1ln\u00ed a solid\u00e1rn\u00ed ekonomika je?Pokud ne, v\u011bzte, \u017ee v tomto p\u0159\u00edpad\u011b jde o snahy \u0159e\u0161it probl\u00e9my t\u011bch, kdo z n\u011bjak\u00e9ho d\u016fvodu nedok\u00e1\u017eou dr\u017eet krok s \u201enorm\u00e1ln\u00ed spole\u010dnost\u00ed\u201c. Co\u017e se t\u00fdk\u00e1 dejme tomu:1) osob potenci\u00e1ln\u011b ohro\u017een\u00fdch soci\u00e1ln\u00edm vylou\u010den\u00edm2) lid\u00ed jsouc\u00edch v soci\u00e1ln\u00ed t\u00edsni3) lid\u00ed pot\u0159ebuj\u00edc\u00edch z\u00edskat vhodn\u00e9 \u017eivotn\u00ed podm\u00ednky4) lid\u00ed pot\u0159ebuj\u00edc\u00edch pomoc s nalezen\u00edm pracovn\u00edho uplatn\u011bn\u00ed5) lid\u00ed n\u00e1le\u017eej\u00edc\u00edch k soci\u00e1ln\u011b znev\u00fdhodn\u011bn\u00fdm skupin\u00e1m6) lid\u00ed se zdravotn\u00edm nebo du\u0161evn\u00edm posti\u017een\u00edm Soci\u00e1ln\u00ed a solid\u00e1rn\u00ed ekonomika p\u0159edstavuje politick\u00e9 kroky, je\u017e sm\u011b\u0159uj\u00ed k podpo\u0159e pr\u00e1v\u011b takto nebo i jinak handicapovan\u00fdch lid\u00ed, ale i k pozitivn\u00edmu ovliv\u0148ov\u00e1n\u00ed m\u00edstn\u00edho rozvoje. Co\u017e m\u00e1 b\u00fdt realizov\u00e1no formou roz\u0161i\u0159ov\u00e1n\u00ed a neust\u00e1l\u00e9ho budov\u00e1n\u00ed soci\u00e1ln\u00ed ekonomiky v r\u00e1mci firem a podnik\u016f orientovan\u00fdch na soci\u00e1ln\u00ed c\u00edle, jejich\u017e ve\u0161ker\u00fd zisk sm\u011b\u0159uje zp\u011bt s c\u00edlem naj\u00edt uplatn\u011bn\u00ed pro co nejvy\u0161\u0161\u00ed mo\u017en\u00fd po\u010det soci\u00e1ln\u011b znev\u00fdhodn\u011bn\u00fdch lid\u00ed. A pak sem pochopiteln\u011b pat\u0159\u00ed t\u0159eba i \u0159e\u0161en\u00ed ve\u0161ker\u00fdch probl\u00e9m\u016f souvisej\u00edc\u00edch s ekonomickou situac\u00ed, jako je situace na trhu pr\u00e1ce, soci\u00e1ln\u00ed podpora nezam\u011bstnan\u00fdm a \u201esoci\u00e1ln\u011b slab\u00fdm\u201c atd. To v\u0161e funguje na principu solidarity jedn\u011bch s druh\u00fdmi, jde tu o spolupr\u00e1ci a vz\u00e1jemnou pomoc, ale i o demokracii a pocit soun\u00e1le\u017eitosti. A mus\u00ed to odpov\u00eddat strategick\u00e9mu pl\u00e1nu Evropsk\u00e9 unie ohledn\u011b snah o regulaci chudoby, soci\u00e1ln\u00ed soudr\u017enost a maxim\u00e1ln\u00ed zam\u011bstnanost. Nam\u00e1tkou tak v roce 2018 do\u0161lo k nav\u00fd\u0161en\u00ed v\u00fddaj\u016f na tuto sf\u00e9ru o 32 miliard korun ve srovn\u00e1n\u00ed s rokem p\u0159edch\u00e1zej\u00edc\u00edm, a to s \u00famyslem zv\u00fd\u0161it t\u011bmito prost\u0159edky starobn\u00ed d\u016fchody.Tak to zn\u00ed vzne\u0161en\u011b.A nevzne\u0161en\u011b?Nevzne\u0161en\u011b bych \u010deskou soci\u00e1ln\u00ed a solid\u00e1rn\u00ed politiku ozna\u010dil sp\u00ed\u0161e za p\u0159\u00edmo obludn\u00fd nesmysl. Kdy vl\u00e1dn\u00ed politick\u00e9 strany v\u00edc a v\u00edc od\u00edraj\u00ed pracuj\u00edc\u00ed a zadlu\u017euj\u00ed sou\u010dasn\u00edky a budouc\u00ed generace, jenom aby si p\u0159erozd\u011blov\u00e1n\u00edm \u201ekoupily\u201c hlasy \u201esoci\u00e1ln\u011b slab\u00fdch\u201c, kter\u00fdm se nejednou nechce nejen s\u00e1hnout na pr\u00e1ci, ale ani dodr\u017eovat element\u00e1rn\u00ed principy slu\u0161n\u00e9ho chov\u00e1n\u00ed a sou\u017eit\u00ed. Pro mne je \u2013 to mi v\u011b\u0159te \u2013 soci\u00e1ln\u00ed a solid\u00e1rn\u00ed politika dobr\u00e1 v\u011bc. Ov\u0161em jen je-li v dobr\u00fdch rukou. Kter\u00e9 ale tam naho\u0159e vesm\u011bs nev\u00edd\u00e1m.                                                                                                                                                                                                                                                                                                                                                                                        4.6\/5 - (5 votes)        "},{"@context":"https:\/\/schema.org\/","@type":"BreadcrumbList","itemListElement":[{"@type":"ListItem","position":1,"name":"Co je to \u201esoci\u00e1ln\u00ed a solid\u00e1rn\u00ed\u201c?","item":"https:\/\/www.sapcon.cz\/co-je-to-socialni-a-solidarni\/#breadcrumbitem"}]}]